{"id":1687,"date":"2015-11-22T14:09:23","date_gmt":"2015-11-22T13:09:23","guid":{"rendered":"http:\/\/new.jfszymaniak.pl\/?p=1687"},"modified":"2020-05-16T15:43:46","modified_gmt":"2020-05-16T13:43:46","slug":"zabytkowe-wojskowe-skory-w-natarciu","status":"publish","type":"post","link":"https:\/\/jfszymaniak.pl\/en\/zabytkowe-wojskowe-skory-w-natarciu\/","title":{"rendered":"Zabytkowe wojskowe sk\u00f3ry w natarciu"},"content":{"rendered":"<div class=\"wp-block-image\"><figure class=\"aligncenter\"><a href=\"http:\/\/www.wdrugiejskorze.pl\/wp-content\/uploads\/2015\/11\/MG_2962_HDR.jpg\"><img decoding=\"async\" src=\"http:\/\/www.wdrugiejskorze.pl\/wp-content\/uploads\/2015\/11\/MG_2962_HDR-1024x682.jpg\" alt=\"_MG_2962_HDR\" class=\"wp-image-1384\"\/><\/a><\/figure><\/div>\n\n\n\n<p>Nietypowe projekty z zabytkowych szwedzkich \u0142adownic to temat kt\u00f3ry uwielbiam, ze wzgl\u0119du na \u0142adunek emocjonalny jaki nios\u0105 przedmioty z histori\u0105. Mi\u0142o\u015bnicy zegark\u00f3w militarnych \u2013 nurkowych, czy te\u017c lotniczych, znaj\u0105 ten temat dobrze i z ch\u0119ci\u0105 poszukuj\u0105 takich rozwi\u0105za\u0144 do swoich czasomierzy.<\/p>\n\n\n\n<p>Pierwszy ciekawy projekt to Enicar Sherpa Super Dive. Niby prosty temat, zrobi\u0107 kawa\u0142ek jednej grubo\u015bci sk\u00f3ry z p\u0119telkami&nbsp; bez podszewki i tyle. Ale nie do ko\u0144ca. Po pierwsze mi\u0119dzy teleskopami a kopert\u0105 jest bardzo du\u017co miejsca. Sam zegarek te\u017c nie jest niski. Oryginalna klamerka ma z kolei 14mm przy 20mm uszach.<\/p>\n\n\n\n<div class=\"wp-block-image\"><figure class=\"aligncenter\"><a href=\"http:\/\/www.wdrugiejskorze.pl\/wp-content\/uploads\/2015\/11\/MG_2935_HDR.jpg\"><img decoding=\"async\" src=\"http:\/\/www.wdrugiejskorze.pl\/wp-content\/uploads\/2015\/11\/MG_2935_HDR-1024x682.jpg\" alt=\"_MG_2935_HDR\" class=\"wp-image-1385\"\/><\/a><\/figure><\/div>\n\n\n\n<p>Poniewa\u017c mia\u0142em woln\u0105 r\u0119k\u0119, zrobi\u0142em to tak aby pasek korespondowa\u0142 z masywno\u015bci\u0105 i ww opisanymi detalami,&nbsp; u\u017cy\u0142em zabytkowej sk\u00f3ry ze szwedzkiej \u0142adownicy, zbli\u017conej wiekiem do samego zegarka, nadaj\u0105cej prawdziwego oldskulowego klimatu.<\/p>\n\n\n\n<div class=\"wp-block-image\"><figure class=\"aligncenter\"><a href=\"http:\/\/www.wdrugiejskorze.pl\/wp-content\/uploads\/2015\/11\/MG_2943_HDR.jpg\"><img decoding=\"async\" src=\"http:\/\/www.wdrugiejskorze.pl\/wp-content\/uploads\/2015\/11\/MG_2943_HDR-1024x682.jpg\" alt=\"_MG_2943_HDR\" class=\"wp-image-1386\"\/><\/a><\/figure><\/div>\n\n\n\n<div class=\"wp-block-image\"><figure class=\"aligncenter\"><a href=\"http:\/\/www.wdrugiejskorze.pl\/wp-content\/uploads\/2015\/11\/MG_2934_HDR.jpg\"><img decoding=\"async\" src=\"http:\/\/www.wdrugiejskorze.pl\/wp-content\/uploads\/2015\/11\/MG_2934_HDR-1024x682.jpg\" alt=\"_MG_2934_HDR\" class=\"wp-image-1387\"\/><\/a><\/figure><\/div>\n\n\n\n<p>Pasek sk\u0142ada si\u0119 z trzech cz\u0119\u015bci. Od spodu jest klasyczne podszycie ale w miar\u0119 masywn\u0105 sk\u00f3r\u0105, w\u0142oska produkcja, ro\u015blinnie garbowana. W \u015brodku s\u0105 masywne wk\u0142adki ze sk\u00f3ry, poprowadzone na ok. 4,5cm. Sk\u00f3ra wok\u00f3\u0142 teleskopu jest ma\u0142o \u015bcieniona i pasek jest z konkretn\u0105 poduszk\u0105, dosy\u0107 masywny przy kopercie, idealnie licuje si\u0119 z kopert\u0105, nie ma \u017cadnej szpary. Nast\u0119pnie, dalej w ko\u0144cowej cz\u0119\u015bci, zdecydowanie p\u00f3\u017aniej ni\u017c zwykle zw\u0119\u017ca si\u0119 do 14mm. Cz\u0119\u015b\u0107 z klamerk\u0105, ma szlufk\u0119 w stylu pask\u00f3w do nurk\u00f3w z lat 60\/70, troch\u0119 dalej odsuni\u0119t\u0105 o ko\u0144c\u00f3wki uci\u0119tej na mod\u0142\u0119 pask\u00f3w z tamtych lat. No i na koniec \u2013 farba na boki zosta\u0142a wymieszana specjalnie pod ten konkretny egzemplarz, aby nie odr\u00f3\u017cnia\u0142a si\u0119 od sk\u00f3ry i jednocze\u015bnie pasowa\u0142a do trytowych indeks\u00f3w.<\/p>\n\n\n\n<div class=\"wp-block-image\"><figure class=\"aligncenter\"><a href=\"http:\/\/www.wdrugiejskorze.pl\/wp-content\/uploads\/2015\/11\/MG_2939_HDR.jpg\"><img decoding=\"async\" src=\"http:\/\/www.wdrugiejskorze.pl\/wp-content\/uploads\/2015\/11\/MG_2939_HDR-1024x682.jpg\" alt=\"_MG_2939_HDR\" class=\"wp-image-1388\"\/><\/a><\/figure><\/div>\n\n\n\n<p>Tak oto pasek prezentuje si\u0119 w komplecie z Enicarem:<\/p>\n\n\n\n<div class=\"wp-block-image\"><figure class=\"aligncenter\"><a href=\"http:\/\/www.wdrugiejskorze.pl\/wp-content\/uploads\/2015\/11\/MG_2970_HDR.jpg\"><img decoding=\"async\" src=\"http:\/\/www.wdrugiejskorze.pl\/wp-content\/uploads\/2015\/11\/MG_2970_HDR-1024x691.jpg\" alt=\"_MG_2970_HDR\" class=\"wp-image-1389\"\/><\/a><\/figure><\/div>\n\n\n\n<div class=\"wp-block-image\"><figure class=\"aligncenter\"><a href=\"http:\/\/www.wdrugiejskorze.pl\/wp-content\/uploads\/2015\/11\/MG_2965_HDR.jpg\"><img decoding=\"async\" src=\"http:\/\/www.wdrugiejskorze.pl\/wp-content\/uploads\/2015\/11\/MG_2965_HDR-1024x682.jpg\" alt=\"_MG_2965_HDR\" class=\"wp-image-1390\"\/><\/a><\/figure><\/div>\n\n\n\n<div class=\"wp-block-image\"><figure class=\"aligncenter\"><a href=\"http:\/\/www.wdrugiejskorze.pl\/wp-content\/uploads\/2015\/11\/MG_2947_HDR.jpg\"><img decoding=\"async\" src=\"http:\/\/www.wdrugiejskorze.pl\/wp-content\/uploads\/2015\/11\/MG_2947_HDR-1024x682.jpg\" alt=\"_MG_2947_HDR\" class=\"wp-image-1391\"\/><\/a><\/figure><\/div>\n\n\n\n<p>Kolejny pacjent to IWC Pilot Chronograph. Prezentowana wersja to model chronografu z linii sprzed kilku lat, podstawowym z gamy by\u0142 Mark XVII \u2013 modele te posiada\u0142y powi\u0119kszon\u0105 w stosunku do poprzednik\u00f3w \u015brednic\u0119 koperty i potr\u00f3jne okienko datownika.<\/p>\n\n\n\n<p>Do tego zegarka zosta\u0142y zam\u00f3wione dwa paski, klasyczny z w\u0142oskiej ciel\u0119cej sk\u00f3ry, bardziej elegancki:<\/p>\n\n\n\n<div class=\"wp-block-image\"><figure class=\"aligncenter\"><a href=\"http:\/\/www.wdrugiejskorze.pl\/wp-content\/uploads\/2015\/11\/MG_2667_HDR.jpg\"><img decoding=\"async\" src=\"http:\/\/www.wdrugiejskorze.pl\/wp-content\/uploads\/2015\/11\/MG_2667_HDR-1024x682.jpg\" alt=\"_MG_2667_HDR\" class=\"wp-image-1392\"\/><\/a><\/figure><\/div>\n\n\n\n<div class=\"wp-block-image\"><figure class=\"aligncenter\"><a href=\"http:\/\/www.wdrugiejskorze.pl\/wp-content\/uploads\/2015\/11\/MG_2664_HDR.jpg\"><img decoding=\"async\" src=\"http:\/\/www.wdrugiejskorze.pl\/wp-content\/uploads\/2015\/11\/MG_2664_HDR-1024x682.jpg\" alt=\"_MG_2664_HDR\" class=\"wp-image-1393\"\/><\/a><\/figure><\/div>\n\n\n\n<p>Drugi pasek mia\u0142 by\u0107 mocno nieformalny i nawi\u0105zywa\u0107 do militarnych korzeni, dlatego zdecydowali\u015bmy si\u0119 na szwedzk\u0105 \u0142adownic\u0119. Zaproponowa\u0142em aby wykorzysta\u0107 oryginalne otwory po nitach, przywodz\u0105ce na my\u015bl dziury po kulach:<\/p>\n\n\n\n<div class=\"wp-block-image\"><figure class=\"aligncenter\"><a href=\"http:\/\/www.wdrugiejskorze.pl\/wp-content\/uploads\/2015\/11\/MG_2652_HDR.jpg\"><img decoding=\"async\" src=\"http:\/\/www.wdrugiejskorze.pl\/wp-content\/uploads\/2015\/11\/MG_2652_HDR-1024x682.jpg\" alt=\"_MG_2652_HDR\" class=\"wp-image-1394\"\/><\/a><\/figure><\/div>\n\n\n\n<p>Pasek jest szyty r\u0119cznie, grub\u0105 woskowan\u0105 nici\u0105. Kraw\u0119dzie surowe, a wszywana szlufka zawiera oryginalne otwory pozosta\u0142e po rozpruciu \u0142adownicy. W przeciwie\u0144stwie do poprzedniego paska, tutaj nie ma widocznego zw\u0119\u017cenia (niewidoczne po 0,5mm na stron\u0119, poniewa\u017c IWC ma nietypowy rozstaw uszu \u2013 21mm, a klamry wyst\u0119puj\u0105 w 22 lub 20mm).<\/p>\n\n\n\n<p>Komplet zyska\u0142 mocno wojskowy, niepokoj\u0105cy wygl\u0105d, jak\u017ce inny od fabrycznego czarnego krokodyla:<\/p>\n\n\n\n<div class=\"wp-block-image\"><figure class=\"aligncenter\"><a href=\"http:\/\/www.wdrugiejskorze.pl\/wp-content\/uploads\/2015\/11\/MG_2679_HDR.jpg\"><img decoding=\"async\" src=\"http:\/\/www.wdrugiejskorze.pl\/wp-content\/uploads\/2015\/11\/MG_2679_HDR-1024x682.jpg\" alt=\"_MG_2679_HDR\" class=\"wp-image-1395\"\/><\/a><\/figure><\/div>\n\n\n\n<div class=\"wp-block-image\"><figure class=\"aligncenter\"><a href=\"http:\/\/www.wdrugiejskorze.pl\/wp-content\/uploads\/2015\/11\/MG_2674_HDR.jpg\"><img decoding=\"async\" src=\"http:\/\/www.wdrugiejskorze.pl\/wp-content\/uploads\/2015\/11\/MG_2674_HDR-1024x682.jpg\" alt=\"_MG_2674_HDR\" class=\"wp-image-1396\"\/><\/a><\/figure><\/div>\n\n\n\n<div class=\"wp-block-image\"><figure class=\"aligncenter\"><a href=\"http:\/\/www.wdrugiejskorze.pl\/wp-content\/uploads\/2015\/11\/MG_2671_HDR.jpg\"><img decoding=\"async\" src=\"http:\/\/www.wdrugiejskorze.pl\/wp-content\/uploads\/2015\/11\/MG_2671_HDR-1024x682.jpg\" alt=\"_MG_2671_HDR\" class=\"wp-image-1397\"\/><\/a><\/figure><\/div>\n\n\n\n<div class=\"wp-block-image\"><figure class=\"aligncenter\"><a href=\"http:\/\/www.wdrugiejskorze.pl\/wp-content\/uploads\/2015\/11\/MG_2670_HDR.jpg\"><img decoding=\"async\" src=\"http:\/\/www.wdrugiejskorze.pl\/wp-content\/uploads\/2015\/11\/MG_2670_HDR-1024x682.jpg\" alt=\"_MG_2670_HDR\" class=\"wp-image-1398\"\/><\/a><\/figure><\/div>\n\n\n\n<p>Klasycznym dla zegarkowo-kaletniczej profesji jest pasek do Panerai, marki kt\u00f3rej u\u017cytkownicy&nbsp; spopularyzowali r\u0119cznie robione surowe paski. Bardzo lubi\u0119 ten styl i ch\u0119tnie korzystam z \u0142adownic tworz\u0105c paski do Pama.<\/p>\n\n\n\n<p>24mm szeroko\u015b\u0107 po ca\u0142o\u015bci, surowy styl i istotne detale takie jak oryginalna wojskowa punca na szlufce:<\/p>\n\n\n\n<div class=\"wp-block-image\"><figure class=\"aligncenter\"><a href=\"http:\/\/www.wdrugiejskorze.pl\/wp-content\/uploads\/2015\/11\/MG_1286_HDR.jpg\"><img decoding=\"async\" src=\"http:\/\/www.wdrugiejskorze.pl\/wp-content\/uploads\/2015\/11\/MG_1286_HDR-1024x682.jpg\" alt=\"_MG_1286_HDR\" class=\"wp-image-1400\"\/><\/a><\/figure><\/div>\n\n\n\n<div class=\"wp-block-image\"><figure class=\"aligncenter\"><a href=\"http:\/\/www.wdrugiejskorze.pl\/wp-content\/uploads\/2015\/11\/MG_1285_HDR.jpg\"><img decoding=\"async\" src=\"http:\/\/www.wdrugiejskorze.pl\/wp-content\/uploads\/2015\/11\/MG_1285_HDR-1024x682.jpg\" alt=\"_MG_1285_HDR\" class=\"wp-image-1401\"\/><\/a><\/figure><\/div>\n\n\n\n<p>Oryginalne uszkodzenie sk\u00f3ry pochodz\u0105ce z przesz\u0142o\u015bci:<\/p>\n\n\n\n<div class=\"wp-block-image\"><figure class=\"aligncenter\"><a href=\"http:\/\/www.wdrugiejskorze.pl\/wp-content\/uploads\/2015\/11\/MG_1290_HDR.jpg\"><img decoding=\"async\" src=\"http:\/\/www.wdrugiejskorze.pl\/wp-content\/uploads\/2015\/11\/MG_1290_HDR-1024x682.jpg\" alt=\"_MG_1290_HDR\" class=\"wp-image-1402\"\/><\/a><\/figure><\/div>\n\n\n\n<p>Punca w ca\u0142ej okaza\u0142o\u015bci:<\/p>\n\n\n\n<div class=\"wp-block-image\"><figure class=\"aligncenter\"><img decoding=\"async\" src=\"http:\/\/www.wdrugiejskorze.pl\/wp-content\/uploads\/2015\/11\/MG_1287_HDR-1024x682.jpg\" alt=\"_MG_1287_HDR\" class=\"wp-image-1403\"\/><\/figure><\/div>\n\n\n\n<p>Co\u015b co dodaj\u0119 od siebie to wykonana specjalnie do tego typu pask\u00f3w (zwanych ammo strap) punca w wojskowym stylu, AMMO:<\/p>\n\n\n\n<div class=\"wp-block-image\"><figure class=\"aligncenter\"><a href=\"http:\/\/www.wdrugiejskorze.pl\/wp-content\/uploads\/2015\/11\/MG_1289_HDR.jpg\"><img decoding=\"async\" src=\"http:\/\/www.wdrugiejskorze.pl\/wp-content\/uploads\/2015\/11\/MG_1289_HDR-1024x682.jpg\" alt=\"_MG_1289_HDR\" class=\"wp-image-1404\"\/><\/a><\/figure><\/div>\n\n\n\n<p>Mam nadziej\u0119, \u017ce poczuli\u015bcie klimat historii w tych paskach. \u0141adownice s\u0105 jeszcze dost\u0119pne (a nie przybywa ju\u017c ich, o nie), tak\u017ce zapraszam do zam\u00f3wie\u0144.<\/p>","protected":false},"excerpt":{"rendered":"<p>Nietypowe projekty z zabytkowych szwedzkich \u0142adownic to temat kt\u00f3ry uwielbiam, ze wzgl\u0119du na \u0142adunek emocjonalny jaki nios\u0105 przedmioty z histori\u0105. Mi\u0142o\u015bnicy zegark\u00f3w militarnych \u2013 nurkowych, czy te\u017c lotniczych, znaj\u0105 ten temat dobrze i z ch\u0119ci\u0105 poszukuj\u0105 takich rozwi\u0105za\u0144 do swoich czasomierzy. Pierwszy ciekawy projekt to Enicar Sherpa Super Dive. Niby prosty temat, zrobi\u0107 kawa\u0142ek jednej [&hellip;]<\/p>","protected":false},"author":2,"featured_media":0,"comment_status":"closed","ping_status":"open","sticky":false,"template":"","format":"standard","meta":{"_monsterinsights_skip_tracking":false,"_monsterinsights_sitenote_active":false,"_monsterinsights_sitenote_note":"","_monsterinsights_sitenote_category":0,"footnotes":""},"categories":[89],"tags":[112,111,110,91,107],"class_list":["post-1687","post","type-post","status-publish","format-standard","hentry","category-paski","tag-ammo-strap","tag-enicar","tag-iwc","tag-ladownica","tag-stara-skora","clearfix"],"_links":{"self":[{"href":"https:\/\/jfszymaniak.pl\/en\/wp-json\/wp\/v2\/posts\/1687","targetHints":{"allow":["GET"]}}],"collection":[{"href":"https:\/\/jfszymaniak.pl\/en\/wp-json\/wp\/v2\/posts"}],"about":[{"href":"https:\/\/jfszymaniak.pl\/en\/wp-json\/wp\/v2\/types\/post"}],"author":[{"embeddable":true,"href":"https:\/\/jfszymaniak.pl\/en\/wp-json\/wp\/v2\/users\/2"}],"replies":[{"embeddable":true,"href":"https:\/\/jfszymaniak.pl\/en\/wp-json\/wp\/v2\/comments?post=1687"}],"version-history":[{"count":1,"href":"https:\/\/jfszymaniak.pl\/en\/wp-json\/wp\/v2\/posts\/1687\/revisions"}],"predecessor-version":[{"id":1688,"href":"https:\/\/jfszymaniak.pl\/en\/wp-json\/wp\/v2\/posts\/1687\/revisions\/1688"}],"wp:attachment":[{"href":"https:\/\/jfszymaniak.pl\/en\/wp-json\/wp\/v2\/media?parent=1687"}],"wp:term":[{"taxonomy":"category","embeddable":true,"href":"https:\/\/jfszymaniak.pl\/en\/wp-json\/wp\/v2\/categories?post=1687"},{"taxonomy":"post_tag","embeddable":true,"href":"https:\/\/jfszymaniak.pl\/en\/wp-json\/wp\/v2\/tags?post=1687"}],"curies":[{"name":"wp","href":"https:\/\/api.w.org\/{rel}","templated":true}]}}