{"id":1702,"date":"2015-05-21T15:52:54","date_gmt":"2015-05-21T13:52:54","guid":{"rendered":"http:\/\/new.jfszymaniak.pl\/?p=1702"},"modified":"2020-05-16T15:53:09","modified_gmt":"2020-05-16T13:53:09","slug":"wiosna-w-niebieskim-odcieniu","status":"publish","type":"post","link":"https:\/\/jfszymaniak.pl\/en\/wiosna-w-niebieskim-odcieniu\/","title":{"rendered":"Wiosna w niebieskim odcieniu"},"content":{"rendered":"<div class=\"wp-block-image\"><figure class=\"aligncenter\"><a href=\"http:\/\/www.wdrugiejskorze.pl\/wp-content\/uploads\/2015\/05\/MG_0596_HDR.jpg\"><img decoding=\"async\" src=\"http:\/\/www.wdrugiejskorze.pl\/wp-content\/uploads\/2015\/05\/MG_0596_HDR-1024x682.jpg\" alt=\"_MG_0596_HDR\" class=\"wp-image-1249\"\/><\/a><\/figure><\/div>\n\n\n\n<p>Ca\u0142y czas staram si\u0119 d\u0105\u017cy\u0107 do najwy\u017cszej jako\u015bci wykonania i pozyskania jak najlepszych materia\u0142\u00f3w w swoich produktach. Do portfolio sk\u00f3r do\u0142\u0105czy\u0142y ostatnio ro\u015blinnie garbowane sk\u00f3ry z w\u0142oskiej garbarni, pi\u0119knie wyko\u0144czone, z naturaln\u0105 faktur\u0105 lica i wspania\u0142ym zapachu. Pierwsza na warsztat posz\u0142a sk\u00f3ra w odcieniu niebieskim.<\/p>\n\n\n\n<p>Kiedy zobaczy\u0142em opisywany odcie\u0144 od razu wiedzia\u0142em, \u017ce musi si\u0119 znale\u017a\u0107 w ofercie i od razu wiedzia\u0142em z jakim kolorem b\u0119dzie \u015bwietnie kontrastowa\u0142. Pomara\u0144czowe soczyste akcenty \u015bwietnie b\u0119d\u0105 korespondowa\u0107 z g\u0142\u0119bi\u0105 naturalnej sk\u00f3ry w odcieniu ciemnoniebieskim.<\/p>\n\n\n\n<p>Poniewa\u017c chcia\u0142em wykorzysta\u0107 maksymalnie potencja\u0142 materia\u0142u, postawi\u0142em na minimalistyczny cardholder z dopracowanymi detalami:<\/p>\n\n\n\n<p>-ro\u015blinnie garbowana sk\u00f3ra z garbarni Artigiano<\/p>\n\n\n\n<p>-wewn\u0105trz \u015bwietna ro\u015blinnie garbowana sk\u00f3ra polskiej produkcji, wykorzystywana przez najlepsze warszawskie pracownie szewskie<\/p>\n\n\n\n<p>-boki r\u0119cznie polerowane i szlifowane, wyko\u0144czone elastyczn\u0105 farb\u0105 do brzeg\u00f3w<\/p>\n\n\n\n<p>-szycie r\u0119czne, na dwie ig\u0142y, szwy pod skosem<\/p>\n\n\n\n<p>Tak prezentowa\u0142 si\u0119 pierwszy egzemplarz:<\/p>\n\n\n\n<div class=\"wp-block-image\"><figure class=\"aligncenter\"><a href=\"http:\/\/www.wdrugiejskorze.pl\/wp-content\/uploads\/2015\/05\/MG_0341_HDR.jpg\"><img decoding=\"async\" src=\"http:\/\/www.wdrugiejskorze.pl\/wp-content\/uploads\/2015\/05\/MG_0341_HDR-1024x682.jpg\" alt=\"_MG_0341_HDR\" class=\"wp-image-1250\"\/><\/a><\/figure><\/div>\n\n\n\n<div class=\"wp-block-image\"><figure class=\"aligncenter\"><a href=\"http:\/\/www.wdrugiejskorze.pl\/wp-content\/uploads\/2015\/05\/MG_0343_HDR.jpg\"><img decoding=\"async\" src=\"http:\/\/www.wdrugiejskorze.pl\/wp-content\/uploads\/2015\/05\/MG_0343_HDR-1024x682.jpg\" alt=\"_MG_0343_HDR\" class=\"wp-image-1251\"\/><\/a><\/figure><\/div>\n\n\n\n<div class=\"wp-block-image\"><figure class=\"aligncenter\"><a href=\"http:\/\/www.wdrugiejskorze.pl\/wp-content\/uploads\/2015\/05\/MG_0352_HDR.jpg\"><img decoding=\"async\" src=\"http:\/\/www.wdrugiejskorze.pl\/wp-content\/uploads\/2015\/05\/MG_0352_HDR-1024x682.jpg\" alt=\"_MG_0352_HDR\" class=\"wp-image-1252\"\/><\/a><\/figure><\/div>\n\n\n\n<p>Na powy\u017cszych zdj\u0119ciach wida\u0107 wspania\u0142\u0105 faktur\u0119 sk\u00f3ry, zr\u00f3\u017cnicowane lico. Sk\u00f3ra z czasem nabierze charakteru dopasowuj\u0105c si\u0119 do przysz\u0142ego u\u017cytkownika.<\/p>\n\n\n\n<p>16.05.2015 roku w siedzibie firmy&nbsp;<a href=\"http:\/\/www.victorinox.com.pl\/\">Victorinox Polska<\/a>, w ramach warsztat\u00f3w zegarmistrzowskich organizowanych przez&nbsp;<a href=\"http:\/\/zegarkiclub.pl\/\">Klub Mi\u0142o\u015bnik\u00f3w Zegar\u00f3w i Zegark\u00f3w<\/a>&nbsp;prowadzi\u0142em prezentacj\u0119 dotycz\u0105c\u0105 rodzaj\u00f3w stosowanych w zegarkach pask\u00f3w, zastosowanych sk\u00f3r, konstrukcji pask\u00f3w, oraz piel\u0119gnacji sk\u00f3rzanych akcesori\u00f3w:<\/p>\n\n\n\n<div class=\"wp-block-image\"><figure class=\"aligncenter\"><a href=\"http:\/\/www.wdrugiejskorze.pl\/wp-content\/uploads\/2015\/05\/Victorinox3x.jpg\"><img decoding=\"async\" src=\"http:\/\/www.wdrugiejskorze.pl\/wp-content\/uploads\/2015\/05\/Victorinox3x.jpg\" alt=\"Victorinox3x\" class=\"wp-image-1253\"\/><\/a><\/figure><\/div>\n\n\n\n<div class=\"wp-block-image\"><figure class=\"aligncenter\"><a href=\"http:\/\/www.wdrugiejskorze.pl\/wp-content\/uploads\/2015\/05\/Victorinox1x.jpg\"><img decoding=\"async\" src=\"http:\/\/www.wdrugiejskorze.pl\/wp-content\/uploads\/2015\/05\/Victorinox1x.jpg\" alt=\"Victorinox1x\" class=\"wp-image-1254\"\/><\/a><\/figure><\/div>\n\n\n\n<p>zdj\u0119cia: fotolizard.pl<\/p>\n\n\n\n<p>Specjalnie na t\u0119 prezentacj\u0119 przygotowa\u0142em wizytownik w wersji \u201ew trakcie\u201d. Uczestnicy mogli zobaczy\u0107 jak prezentuje si\u0119 szycie, surowe boki, oraz wn\u0119trze wizytownika:<\/p>\n\n\n\n<div class=\"wp-block-image\"><figure class=\"aligncenter\"><a href=\"http:\/\/www.wdrugiejskorze.pl\/wp-content\/uploads\/2015\/05\/MG_0631_HDR.jpg\"><img decoding=\"async\" src=\"http:\/\/www.wdrugiejskorze.pl\/wp-content\/uploads\/2015\/05\/MG_0631_HDR-1024x682.jpg\" alt=\"_MG_0631_HDR\" class=\"wp-image-1255\"\/><\/a><\/figure><\/div>\n\n\n\n<div class=\"wp-block-image\"><figure class=\"aligncenter\"><a href=\"http:\/\/www.wdrugiejskorze.pl\/wp-content\/uploads\/2015\/05\/MG_0634.jpg\"><img decoding=\"async\" src=\"http:\/\/www.wdrugiejskorze.pl\/wp-content\/uploads\/2015\/05\/MG_0634-1024x683.jpg\" alt=\"_MG_0634\" class=\"wp-image-1256\"\/><\/a><\/figure><\/div>\n\n\n\n<div class=\"wp-block-image\"><figure class=\"aligncenter\"><a href=\"http:\/\/www.wdrugiejskorze.pl\/wp-content\/uploads\/2015\/05\/MG_0636_HDR.jpg\"><img decoding=\"async\" src=\"http:\/\/www.wdrugiejskorze.pl\/wp-content\/uploads\/2015\/05\/MG_0636_HDR-1024x682.jpg\" alt=\"_MG_0636_HDR\" class=\"wp-image-1257\"\/><\/a><\/figure><\/div>\n\n\n\n<p>Kontynuuj\u0105c temat koloru przewodniego przygotowa\u0142em te\u017c na prezentacj\u0119 pasek do Concorda Impresario. Pasek wykonany z warana nilowego z pi\u0119knym po\u0142yskiem, nawi\u0105zuj\u0105cy kolorystycznie i akcentami do zegarka:<\/p>\n\n\n\n<div class=\"wp-block-image\"><figure class=\"aligncenter\"><a href=\"http:\/\/www.wdrugiejskorze.pl\/wp-content\/uploads\/2015\/05\/MG_0584_HDR.jpg\"><img decoding=\"async\" src=\"http:\/\/www.wdrugiejskorze.pl\/wp-content\/uploads\/2015\/05\/MG_0584_HDR-1024x682.jpg\" alt=\"_MG_0584_HDR\" class=\"wp-image-1258\"\/><\/a><\/figure><\/div>\n\n\n\n<div class=\"wp-block-image\"><figure class=\"aligncenter\"><a href=\"http:\/\/www.wdrugiejskorze.pl\/wp-content\/uploads\/2015\/05\/MG_0596_HDR1.jpg\"><img decoding=\"async\" src=\"http:\/\/www.wdrugiejskorze.pl\/wp-content\/uploads\/2015\/05\/MG_0596_HDR1-1024x682.jpg\" alt=\"_MG_0596_HDR\" class=\"wp-image-1259\"\/><\/a><\/figure><\/div>\n\n\n\n<div class=\"wp-block-image\"><figure class=\"aligncenter\"><a href=\"http:\/\/www.wdrugiejskorze.pl\/wp-content\/uploads\/2015\/05\/MG_0597_HDR.jpg\"><img decoding=\"async\" src=\"http:\/\/www.wdrugiejskorze.pl\/wp-content\/uploads\/2015\/05\/MG_0597_HDR-1024x682.jpg\" alt=\"_MG_0597_HDR\" class=\"wp-image-1260\"\/><\/a><\/figure><\/div>\n\n\n\n<p>Pasek pi\u0119knie komponuje si\u0119 z wizytownikiem i tworzy elegancji zestaw.<\/p>\n\n\n\n<p>Poza niebiesk\u0105 sk\u00f3r\u0105 z wspomnianej garbarni, dost\u0119pne aktualnie s\u0105 jeszcze dwa kolory, jasny i podpalany br\u0105z, r\u00f3wnie\u017c w tej samej fantastycznej jako\u015bci wykonania:<\/p>\n\n\n\n<div class=\"wp-block-image\"><figure class=\"aligncenter\"><a href=\"http:\/\/www.wdrugiejskorze.pl\/wp-content\/uploads\/2015\/05\/MG_0305.jpg\"><img decoding=\"async\" src=\"http:\/\/www.wdrugiejskorze.pl\/wp-content\/uploads\/2015\/05\/MG_0305-1024x683.jpg\" alt=\"_MG_0305\" class=\"wp-image-1261\"\/><\/a><\/figure><\/div>\n\n\n\n<div class=\"wp-block-image\"><figure class=\"aligncenter\"><a href=\"http:\/\/www.wdrugiejskorze.pl\/wp-content\/uploads\/2015\/05\/MG_0311.jpg\"><img decoding=\"async\" src=\"http:\/\/www.wdrugiejskorze.pl\/wp-content\/uploads\/2015\/05\/MG_0311-1024x683.jpg\" alt=\"_MG_0311\" class=\"wp-image-1262\"\/><\/a><\/figure><\/div>\n\n\n\n<p>Do jasnej sk\u00f3ry wizualizuj\u0119 ju\u017c czerwone boki.. a podpalana? Tego jeszcze nie wiem, czekam na inspiracje od Was&nbsp;<img decoding=\"async\" src=\"http:\/\/www.wdrugiejskorze.pl\/wp-includes\/images\/smilies\/simple-smile.png\" alt=\":)\"><\/p>\n\n\n\n<p>P.S. \u2013 Zam\u00f3wienia na wizytowniki i paski, jak zawsze: jf.szymaniak@gmail.com<\/p>","protected":false},"excerpt":{"rendered":"<p>Ca\u0142y czas staram si\u0119 d\u0105\u017cy\u0107 do najwy\u017cszej jako\u015bci wykonania i pozyskania jak najlepszych materia\u0142\u00f3w w swoich produktach. Do portfolio sk\u00f3r do\u0142\u0105czy\u0142y ostatnio ro\u015blinnie garbowane sk\u00f3ry z w\u0142oskiej garbarni, pi\u0119knie wyko\u0144czone, z naturaln\u0105 faktur\u0105 lica i wspania\u0142ym zapachu. Pierwsza na warsztat posz\u0142a sk\u00f3ra w odcieniu niebieskim. Kiedy zobaczy\u0142em opisywany odcie\u0144 od razu wiedzia\u0142em, \u017ce musi si\u0119 [&hellip;]<\/p>","protected":false},"author":2,"featured_media":0,"comment_status":"closed","ping_status":"open","sticky":false,"template":"","format":"standard","meta":{"_monsterinsights_skip_tracking":false,"_monsterinsights_sitenote_active":false,"_monsterinsights_sitenote_note":"","_monsterinsights_sitenote_category":0,"footnotes":""},"categories":[113,89],"tags":[],"class_list":["post-1702","post","type-post","status-publish","format-standard","hentry","category-akcesoria","category-paski","clearfix"],"_links":{"self":[{"href":"https:\/\/jfszymaniak.pl\/en\/wp-json\/wp\/v2\/posts\/1702","targetHints":{"allow":["GET"]}}],"collection":[{"href":"https:\/\/jfszymaniak.pl\/en\/wp-json\/wp\/v2\/posts"}],"about":[{"href":"https:\/\/jfszymaniak.pl\/en\/wp-json\/wp\/v2\/types\/post"}],"author":[{"embeddable":true,"href":"https:\/\/jfszymaniak.pl\/en\/wp-json\/wp\/v2\/users\/2"}],"replies":[{"embeddable":true,"href":"https:\/\/jfszymaniak.pl\/en\/wp-json\/wp\/v2\/comments?post=1702"}],"version-history":[{"count":1,"href":"https:\/\/jfszymaniak.pl\/en\/wp-json\/wp\/v2\/posts\/1702\/revisions"}],"predecessor-version":[{"id":1703,"href":"https:\/\/jfszymaniak.pl\/en\/wp-json\/wp\/v2\/posts\/1702\/revisions\/1703"}],"wp:attachment":[{"href":"https:\/\/jfszymaniak.pl\/en\/wp-json\/wp\/v2\/media?parent=1702"}],"wp:term":[{"taxonomy":"category","embeddable":true,"href":"https:\/\/jfszymaniak.pl\/en\/wp-json\/wp\/v2\/categories?post=1702"},{"taxonomy":"post_tag","embeddable":true,"href":"https:\/\/jfszymaniak.pl\/en\/wp-json\/wp\/v2\/tags?post=1702"}],"curies":[{"name":"wp","href":"https:\/\/api.w.org\/{rel}","templated":true}]}}