{"id":1755,"date":"2013-03-16T16:25:35","date_gmt":"2013-03-16T15:25:35","guid":{"rendered":"http:\/\/new.jfszymaniak.pl\/?p=1755"},"modified":"2020-05-16T16:25:54","modified_gmt":"2020-05-16T14:25:54","slug":"pasek-do-zegarka-ze-skory-plaszczki-fotoreportaz","status":"publish","type":"post","link":"https:\/\/jfszymaniak.pl\/en\/pasek-do-zegarka-ze-skory-plaszczki-fotoreportaz\/","title":{"rendered":"Pasek do zegarka ze sk\u00f3ry p\u0142aszczki \u2013 fotoreporta\u017c"},"content":{"rendered":"<div class=\"wp-block-image\"><figure class=\"aligncenter\"><a href=\"http:\/\/www.wdrugiejskorze.pl\/wp-content\/uploads\/2013\/03\/IMG_3215.jpg\"><img decoding=\"async\" src=\"http:\/\/www.wdrugiejskorze.pl\/wp-content\/uploads\/2013\/03\/IMG_3215-1024x682.jpg\" alt=\"\" class=\"wp-image-413\" title=\"P\u0142aszczka\"\/><\/a><\/figure><\/div>\n\n\n\n<p>Jedn\u0105 z najbardziej \u201ebi\u017cuteryjnych\u201d sk\u00f3r u\u017cywanych w kaletnictwie, rymarstwie i szewstwie jest sk\u00f3ra p\u0142aszczki. Sk\u00f3ra ta posiada wyj\u0105tkowe walory wizualne, st\u0105d te\u017c mo\u017cna j\u0105 zobaczy\u0107 na wielu ekskluzywnych paskach do zegark\u00f3w, cz\u0119sto w modelach wysadzanych diamentami. Poniewa\u017c dbam nie tylko o swoje paski postanowi\u0142em \u201esprawi\u0107\u201d mojej ukochanej taki pasek do jej wyj\u015bciowego zegarka \u2013 automatycznego eleganckiego Eposa z tarcz\u0105 z macicy per\u0142owej.<\/p>\n\n\n\n<p>Kolor sk\u00f3ry wybrany do zegarka to amarantowy\/malinowy. Odwa\u017cnie i kobieco&nbsp;<img decoding=\"async\" src=\"http:\/\/www.wdrugiejskorze.pl\/wp-includes\/images\/smilies\/simple-smile.png\" alt=\":)\">&nbsp;Stary pasek by\u0142 klasyczny, czarny, wi\u0119c taka odmiana sprawi, \u017ce zegarek zyska zupe\u0142nie nowe oblicze.<\/p>\n\n\n\n<div class=\"wp-block-image\"><figure class=\"aligncenter\"><a href=\"http:\/\/www.wdrugiejskorze.pl\/wp-content\/uploads\/2013\/03\/IMG_3197.jpg\"><img decoding=\"async\" src=\"http:\/\/www.wdrugiejskorze.pl\/wp-content\/uploads\/2013\/03\/IMG_3197.jpg\" alt=\"\" class=\"wp-image-393\" title=\"Epos na sk\u00f3rze p\u0142aszczki\"\/><\/a><\/figure><\/div>\n\n\n\n<p>W pierwszym etapie wykroi\u0142em og\u00f3lny kszta\u0142t, czyli pasy. Sk\u00f3ra jest bardzo trudna w obr\u00f3bce, gdy\u017c jej zewn\u0119trzna warstwa jest skostnia\u0142a \u2013 to po prostu twarde \u201ekamyczki\u201d kt\u00f3re mog\u0105 p\u0119ka\u0107, odpryskiwa\u0107 \u2013 nie da si\u0119 ich precyzyjnie uci\u0105\u0107 no\u017cem.<\/p>\n\n\n\n<div class=\"wp-block-image\"><figure class=\"aligncenter\"><a href=\"http:\/\/www.wdrugiejskorze.pl\/wp-content\/uploads\/2013\/03\/IMG_3198.jpg\"><img decoding=\"async\" src=\"http:\/\/www.wdrugiejskorze.pl\/wp-content\/uploads\/2013\/03\/IMG_3198.jpg\" alt=\"\" class=\"wp-image-394\" title=\"Wyci\u0119ta sk\u00f3ra\"\/><\/a><\/figure><\/div>\n\n\n\n<p>Nast\u0119pnie sk\u00f3ra p\u0142aszczki &nbsp;klejona jest jest z futr\u00f3wk\u0105 paska. W tym przypadku sk\u00f3ra kt\u00f3ra styka si\u0119 z nadgarstkiem to ro\u015blinnie wyprawiana, bardzo wysokiej jako\u015bci sk\u00f3ra z W\u0142och. Pomi\u0119dzy sk\u00f3rami jest jeszcze formuj\u0105cy kawa\u0142ek sk\u00f3ry, a futr\u00f3wka zosta\u0142a wcze\u015bniej wyszarfowana na brzegach.<\/p>\n\n\n\n<div class=\"wp-block-image\"><figure class=\"aligncenter\"><a href=\"http:\/\/www.wdrugiejskorze.pl\/wp-content\/uploads\/2013\/03\/IMG_3199.jpg\"><img decoding=\"async\" src=\"http:\/\/www.wdrugiejskorze.pl\/wp-content\/uploads\/2013\/03\/IMG_3199.jpg\" alt=\"\" class=\"wp-image-396\" title=\"Sklejona baza paska\"\/><\/a><\/figure><\/div>\n\n\n\n<p>Po obci\u0119ciu nadmiaru sk\u00f3ry p\u0142aszczki wy\u0142ania si\u0119 kszta\u0142t paska.<\/p>\n\n\n\n<div class=\"wp-block-image\"><figure class=\"aligncenter\"><a href=\"http:\/\/www.wdrugiejskorze.pl\/wp-content\/uploads\/2013\/03\/IMG_3200.jpg\"><img decoding=\"async\" src=\"http:\/\/www.wdrugiejskorze.pl\/wp-content\/uploads\/2013\/03\/IMG_3200.jpg\" alt=\"\" class=\"wp-image-397\" title=\"Bazowy kszta\u0142t\"\/><\/a><\/figure><\/div>\n\n\n\n<p>Nast\u0119pnie r\u0119cznie wycinany jest ko\u0144cowy kszta\u0142t. Jako, \u017ce pasek jest full bespoke, nie ma wielu dziurek na zapi\u0119cie.<\/p>\n\n\n\n<div class=\"wp-block-image\"><figure class=\"aligncenter\"><a href=\"http:\/\/www.wdrugiejskorze.pl\/wp-content\/uploads\/2013\/03\/IMG_3201.jpg\"><img decoding=\"async\" src=\"http:\/\/www.wdrugiejskorze.pl\/wp-content\/uploads\/2013\/03\/IMG_3201.jpg\" alt=\"\" class=\"wp-image-398\" title=\"Ostateczny kszta\u0142t\"\/><\/a><\/figure><\/div>\n\n\n\n<p>W mi\u0119dzyczasie powstaje szlufka. Jest zabezpieczona na bokach elastyczn\u0105 farb\u0105, podobnie jak kraw\u0119dzie paska.<\/p>\n\n\n\n<div class=\"wp-block-image\"><figure class=\"aligncenter\"><a href=\"http:\/\/www.wdrugiejskorze.pl\/wp-content\/uploads\/2013\/03\/IMG_3204.jpg\"><img decoding=\"async\" src=\"http:\/\/www.wdrugiejskorze.pl\/wp-content\/uploads\/2013\/03\/IMG_3204.jpg\" alt=\"\" class=\"wp-image-400\" title=\"Przygotowanie szlufki\"\/><\/a><\/figure><\/div>\n\n\n\n<p>Druga cz\u0119\u015b\u0107 paska powstaje podobnie, jednak jest bardziej czasoch\u0142onna i skomplikowana ze wzgl\u0119du na wszywan\u0105 szlufk\u0119.<\/p>\n\n\n\n<div class=\"wp-block-image\"><figure class=\"aligncenter\"><a href=\"http:\/\/www.wdrugiejskorze.pl\/wp-content\/uploads\/2013\/03\/IMG_3205.jpg\"><img decoding=\"async\" src=\"http:\/\/www.wdrugiejskorze.pl\/wp-content\/uploads\/2013\/03\/IMG_3205.jpg\" alt=\"\" class=\"wp-image-402\" title=\"Klejenie drugiej cz\u0119\u015bci\"\/><\/a><\/figure><\/div>\n\n\n\n<div class=\"wp-block-image\"><figure class=\"aligncenter\"><a href=\"http:\/\/www.wdrugiejskorze.pl\/wp-content\/uploads\/2013\/03\/IMG_3206.jpg\"><img decoding=\"async\" src=\"http:\/\/www.wdrugiejskorze.pl\/wp-content\/uploads\/2013\/03\/IMG_3206.jpg\" alt=\"\" class=\"wp-image-403\" title=\"Wszywana szlufka z boku\"\/><\/a><\/figure><\/div>\n\n\n\n<p>Po przygotowaniu ca\u0142o\u015bci czas na dopieszczenie bok\u00f3w \u2013 trzeba je wyr\u00f3wna\u0107 i pokry\u0107 farb\u0105. Pasek zosta\u0142 r\u00f3wnie\u017c w strategicznych miejscach przeszyty.<\/p>\n\n\n\n<p>Pasek by\u0142 przygotowywany pod konkretny nadgarstek i zapi\u0119cie \u2013 dlatego szlufka jest jedna. Zwykle pod spodem zamieszczam swoje punce, ale w tym przypadku jest \u201ego\u0142y\u201d. W trakcie przymiarki okaza\u0142o si\u0119, \u017ce przyda si\u0119 jeszcze jedna dziurka, zosta\u0142a wi\u0119c dorobiona.<\/p>\n\n\n\n<p>Efekt pracy prezentuje si\u0119 tak:<\/p>\n\n\n\n<div class=\"wp-block-image\"><figure class=\"aligncenter\"><a href=\"http:\/\/www.wdrugiejskorze.pl\/wp-content\/uploads\/2013\/03\/IMG_3213.jpg\"><img decoding=\"async\" src=\"http:\/\/www.wdrugiejskorze.pl\/wp-content\/uploads\/2013\/03\/IMG_3213-1024x682.jpg\" alt=\"\" class=\"wp-image-405\" title=\"Epos 1\"\/><\/a><\/figure><\/div>\n\n\n\n<div class=\"wp-block-image\"><figure class=\"aligncenter\"><a href=\"http:\/\/www.wdrugiejskorze.pl\/wp-content\/uploads\/2013\/03\/IMG_3208.jpg\"><img decoding=\"async\" src=\"http:\/\/www.wdrugiejskorze.pl\/wp-content\/uploads\/2013\/03\/IMG_3208-1024x682.jpg\" alt=\"\" class=\"wp-image-406\" title=\"Epos 2\"\/><\/a><\/figure><\/div>\n\n\n\n<div class=\"wp-block-image\"><figure class=\"aligncenter\"><a href=\"http:\/\/www.wdrugiejskorze.pl\/wp-content\/uploads\/2013\/03\/IMG_3216.jpg\"><img decoding=\"async\" src=\"http:\/\/www.wdrugiejskorze.pl\/wp-content\/uploads\/2013\/03\/IMG_3216-1024x682.jpg\" alt=\"\" class=\"wp-image-407\" title=\"Epos 3\"\/><\/a><\/figure><\/div>\n\n\n\n<p>Z zegarkiem i zapi\u0119ciem:<\/p>\n\n\n\n<div class=\"wp-block-image\"><figure class=\"aligncenter\"><a href=\"http:\/\/www.wdrugiejskorze.pl\/wp-content\/uploads\/2013\/03\/IMG_3217.jpg\"><img decoding=\"async\" src=\"http:\/\/www.wdrugiejskorze.pl\/wp-content\/uploads\/2013\/03\/IMG_3217-1024x682.jpg\" alt=\"\" class=\"wp-image-408\" title=\"Epos 4\"\/><\/a><\/figure><\/div>\n\n\n\n<div class=\"wp-block-image\"><figure class=\"aligncenter\"><a href=\"http:\/\/www.wdrugiejskorze.pl\/wp-content\/uploads\/2013\/03\/IMG_3218.jpg\"><img decoding=\"async\" src=\"http:\/\/www.wdrugiejskorze.pl\/wp-content\/uploads\/2013\/03\/IMG_3218-1024x682.jpg\" alt=\"\" class=\"wp-image-410\" title=\"Epos 5\"\/><\/a><\/figure><\/div>\n\n\n\n<div class=\"wp-block-image\"><figure class=\"aligncenter\"><a href=\"http:\/\/www.wdrugiejskorze.pl\/wp-content\/uploads\/2013\/03\/IMG_3219.jpg\"><img decoding=\"async\" src=\"http:\/\/www.wdrugiejskorze.pl\/wp-content\/uploads\/2013\/03\/IMG_3219-1024x682.jpg\" alt=\"\" class=\"wp-image-411\" title=\"Epos 6\"\/><\/a><\/figure><\/div>\n\n\n\n<div class=\"wp-block-image\"><figure class=\"aligncenter\"><a href=\"http:\/\/www.wdrugiejskorze.pl\/wp-content\/uploads\/2013\/03\/IMG_3230.jpg\"><img decoding=\"async\" src=\"http:\/\/www.wdrugiejskorze.pl\/wp-content\/uploads\/2013\/03\/IMG_3230-1024x682.jpg\" alt=\"\" class=\"wp-image-412\" title=\"Epos 7\"\/><\/a><\/figure><\/div>\n\n\n\n<p>Ca\u0142o\u015b\u0107 prezentuje si\u0119 sympatycznie \u2013 a&nbsp; w\u0142a\u015bcicielka jest zadowolona, i to jest najwa\u017cniejsze&nbsp;<img decoding=\"async\" src=\"http:\/\/www.wdrugiejskorze.pl\/wp-includes\/images\/smilies\/simple-smile.png\" alt=\":)\"><\/p>\n\n\n\n<p>***<\/p>\n\n\n\n<p>Na koniec kilka moich produkcji z tej sk\u00f3ry, w innych kolorach:<\/p>\n\n\n\n<div class=\"wp-block-image\"><figure class=\"aligncenter\"><a href=\"http:\/\/www.wdrugiejskorze.pl\/wp-content\/uploads\/2013\/03\/IMG_3154.jpg\"><img decoding=\"async\" src=\"http:\/\/www.wdrugiejskorze.pl\/wp-content\/uploads\/2013\/03\/IMG_3154-1024x682.jpg\" alt=\"\" class=\"wp-image-414\" title=\"Ulysse Nardin\"\/><\/a><\/figure><\/div>\n\n\n\n<div class=\"wp-block-image\"><figure class=\"aligncenter\"><a href=\"http:\/\/www.wdrugiejskorze.pl\/wp-content\/uploads\/2013\/03\/IMG_2196.jpg\"><img decoding=\"async\" src=\"http:\/\/www.wdrugiejskorze.pl\/wp-content\/uploads\/2013\/03\/IMG_2196.jpg\" alt=\"\" class=\"wp-image-415\" title=\"Breitling\"\/><\/a><\/figure><\/div>\n\n\n\n<div class=\"wp-block-image\"><figure class=\"aligncenter\"><a href=\"http:\/\/www.wdrugiejskorze.pl\/wp-content\/uploads\/2013\/03\/IMG_2792.jpg\"><img decoding=\"async\" src=\"http:\/\/www.wdrugiejskorze.pl\/wp-content\/uploads\/2013\/03\/IMG_2792.jpg\" alt=\"\" class=\"wp-image-416\" title=\"Zenith\"\/><\/a><\/figure><\/div>\n\n\n\n<div class=\"wp-block-image\"><figure class=\"aligncenter\"><a href=\"http:\/\/www.wdrugiejskorze.pl\/wp-content\/uploads\/2013\/03\/IMG_1257.jpg\"><img decoding=\"async\" src=\"http:\/\/www.wdrugiejskorze.pl\/wp-content\/uploads\/2013\/03\/IMG_1257.jpg\" alt=\"\" class=\"wp-image-417\" title=\"Armani\"\/><\/a><\/figure><\/div>","protected":false},"excerpt":{"rendered":"<p>Jedn\u0105 z najbardziej \u201ebi\u017cuteryjnych\u201d sk\u00f3r u\u017cywanych w kaletnictwie, rymarstwie i szewstwie jest sk\u00f3ra p\u0142aszczki. Sk\u00f3ra ta posiada wyj\u0105tkowe walory wizualne, st\u0105d te\u017c mo\u017cna j\u0105 zobaczy\u0107 na wielu ekskluzywnych paskach do zegark\u00f3w, cz\u0119sto w modelach wysadzanych diamentami. Poniewa\u017c dbam nie tylko o swoje paski postanowi\u0142em \u201esprawi\u0107\u201d mojej ukochanej taki pasek do jej wyj\u015bciowego zegarka \u2013 automatycznego [&hellip;]<\/p>","protected":false},"author":2,"featured_media":0,"comment_status":"closed","ping_status":"open","sticky":false,"template":"","format":"standard","meta":{"_monsterinsights_skip_tracking":false,"_monsterinsights_sitenote_active":false,"_monsterinsights_sitenote_note":"","_monsterinsights_sitenote_category":0,"footnotes":""},"categories":[89],"tags":[],"class_list":["post-1755","post","type-post","status-publish","format-standard","hentry","category-paski","clearfix"],"_links":{"self":[{"href":"https:\/\/jfszymaniak.pl\/en\/wp-json\/wp\/v2\/posts\/1755","targetHints":{"allow":["GET"]}}],"collection":[{"href":"https:\/\/jfszymaniak.pl\/en\/wp-json\/wp\/v2\/posts"}],"about":[{"href":"https:\/\/jfszymaniak.pl\/en\/wp-json\/wp\/v2\/types\/post"}],"author":[{"embeddable":true,"href":"https:\/\/jfszymaniak.pl\/en\/wp-json\/wp\/v2\/users\/2"}],"replies":[{"embeddable":true,"href":"https:\/\/jfszymaniak.pl\/en\/wp-json\/wp\/v2\/comments?post=1755"}],"version-history":[{"count":1,"href":"https:\/\/jfszymaniak.pl\/en\/wp-json\/wp\/v2\/posts\/1755\/revisions"}],"predecessor-version":[{"id":1756,"href":"https:\/\/jfszymaniak.pl\/en\/wp-json\/wp\/v2\/posts\/1755\/revisions\/1756"}],"wp:attachment":[{"href":"https:\/\/jfszymaniak.pl\/en\/wp-json\/wp\/v2\/media?parent=1755"}],"wp:term":[{"taxonomy":"category","embeddable":true,"href":"https:\/\/jfszymaniak.pl\/en\/wp-json\/wp\/v2\/categories?post=1755"},{"taxonomy":"post_tag","embeddable":true,"href":"https:\/\/jfszymaniak.pl\/en\/wp-json\/wp\/v2\/tags?post=1755"}],"curies":[{"name":"wp","href":"https:\/\/api.w.org\/{rel}","templated":true}]}}