{"id":1765,"date":"2013-02-02T16:31:12","date_gmt":"2013-02-02T15:31:12","guid":{"rendered":"http:\/\/new.jfszymaniak.pl\/?p=1765"},"modified":"2020-05-16T16:31:27","modified_gmt":"2020-05-16T14:31:27","slug":"pasek-do-spodni-fotoreportaz","status":"publish","type":"post","link":"https:\/\/jfszymaniak.pl\/en\/pasek-do-spodni-fotoreportaz\/","title":{"rendered":"Pasek do spodni \u2013 fotoreporta\u017c"},"content":{"rendered":"<div class=\"wp-block-image\"><figure class=\"aligncenter\"><a href=\"http:\/\/www.wdrugiejskorze.pl\/wp-content\/uploads\/2013\/02\/IMG_1808.jpg\"><img decoding=\"async\" src=\"http:\/\/www.wdrugiejskorze.pl\/wp-content\/uploads\/2013\/02\/IMG_1808.jpg\" alt=\"\" class=\"wp-image-234\" title=\"Pasek JFS i torba BWB\"\/><\/a><\/figure><\/div>\n\n\n\n<p>Wiele os\u00f3b prosi\u0142o mnie o ma\u0142y reporta\u017c dotycz\u0105cy r\u00f3\u017cnych produkcji, zatem na pierwszy ogie\u0144 p\u00f3jdzie pasek do spodni. W pasku do spodni najwa\u017cniejsza jest sk\u00f3ra \u2013 bardzo du\u017co pask\u00f3w w sklepach wykonanych jest w taki spos\u00f3b, i\u017c nie maj\u0105 prawa wytrwa\u0107 nawet roku. W najlepszym wypadku stosowane s\u0105 kiepskiej jako\u015bci sk\u00f3ry, spodnia warstwa paska jest cz\u0119sto z mielonej z klejem sk\u00f3ry , wype\u0142nienia s\u0105 z tektury (!), a nawet ca\u0142e paski s\u0105 z tektury pokryte cienk\u0105 warstw\u0105 czego\u015b co udaje sk\u00f3r\u0119..<\/p>\n\n\n\n<p>Dlatego te\u017c &nbsp;polecam paski wykonane z jednego kawa\u0142ka sk\u00f3ry \u2013 mo\u017cna je czasami spotka\u0107 w sklepach typu Big Star, Diverse itp. &nbsp;Gorzej je\u015bli potrzebujemy paska tego typu, ale eleganckiego \u2013 gdy\u017c na rynku nie ma zbyt wiele takich propozycji. Wtedy jedyn\u0105 opcj\u0105 pozostaje \u201ecustom\u201d.<\/p>\n\n\n\n<p>Podstawow\u0105 spraw\u0105 jest obw\u00f3d pasa \u2013 zwykle dodaj\u0119 do obwodu pasa 15-20cm i jest to d\u0142ugo\u015b\u0107 gotowego ju\u017c paska. Pasek garniturowy powinien mie\u0107 30mm szeroko\u015bci i takiej szeroko\u015bci sk\u00f3r\u0119 stosuj\u0119. Po przygotowaniu sk\u00f3ry o odpowiedniej d\u0142ugo\u015bci i szeroko\u015bci, wycinam dwa otwory kt\u00f3re nast\u0119pnie \u0142\u0105cz\u0119 wycinaj\u0105c no\u017cem:<\/p>\n\n\n\n<div class=\"wp-block-image\"><figure class=\"aligncenter\"><a href=\"http:\/\/www.wdrugiejskorze.pl\/wp-content\/uploads\/2013\/01\/MG_5901.jpg\"><img decoding=\"async\" src=\"http:\/\/www.wdrugiejskorze.pl\/wp-content\/uploads\/2013\/01\/MG_5901.jpg\" alt=\"\" class=\"wp-image-215\" title=\"Pasek 1\"\/><\/a><\/figure><\/div>\n\n\n\n<div class=\"wp-block-image\"><figure class=\"aligncenter\"><a href=\"http:\/\/www.wdrugiejskorze.pl\/wp-content\/uploads\/2013\/01\/MG_5903.jpg\"><img decoding=\"async\" src=\"http:\/\/www.wdrugiejskorze.pl\/wp-content\/uploads\/2013\/01\/MG_5903.jpg\" alt=\"\" class=\"wp-image-216\" title=\"Pasek 2\"\/><\/a><\/figure><\/div>\n\n\n\n<p>Przygotowuj\u0119 szlufki, szarfuj\u0119, zdobi\u0119 i sklejam:<\/p>\n\n\n\n<div class=\"wp-block-image\"><figure class=\"aligncenter\"><a href=\"http:\/\/www.wdrugiejskorze.pl\/wp-content\/uploads\/2013\/01\/MG_5904.jpg\"><img decoding=\"async\" src=\"http:\/\/www.wdrugiejskorze.pl\/wp-content\/uploads\/2013\/01\/MG_5904.jpg\" alt=\"\" class=\"wp-image-217\" title=\"Pasek 3\"\/><\/a><\/figure><\/div>\n\n\n\n<div class=\"wp-block-image\"><figure class=\"aligncenter\"><a href=\"http:\/\/www.wdrugiejskorze.pl\/wp-content\/uploads\/2013\/02\/MG_5905.jpg\"><img decoding=\"async\" src=\"http:\/\/www.wdrugiejskorze.pl\/wp-content\/uploads\/2013\/02\/MG_5905.jpg\" alt=\"\" class=\"wp-image-218\" title=\"Pasek 4\"\/><\/a><\/figure><\/div>\n\n\n\n<p>W przypadku tego paska druga strona by\u0142a zdobiona wybijakiem o nazwie \u201eshell\u201d, ko\u0144c\u00f3wki paska zosta\u0142y przyci\u0119te i oszlifowane. Do tego dosz\u0142y dwie punce:<\/p>\n\n\n\n<div class=\"wp-block-image\"><figure class=\"aligncenter\"><a href=\"http:\/\/www.wdrugiejskorze.pl\/wp-content\/uploads\/2013\/02\/MG_5906.jpg\"><img decoding=\"async\" src=\"http:\/\/www.wdrugiejskorze.pl\/wp-content\/uploads\/2013\/02\/MG_5906.jpg\" alt=\"\" class=\"wp-image-219\" title=\"Pasek 5\"\/><\/a><\/figure><\/div>\n\n\n\n<div class=\"wp-block-image\"><figure class=\"aligncenter\"><a href=\"http:\/\/www.wdrugiejskorze.pl\/wp-content\/uploads\/2013\/02\/MG_5907.jpg\"><img decoding=\"async\" src=\"http:\/\/www.wdrugiejskorze.pl\/wp-content\/uploads\/2013\/02\/MG_5907.jpg\" alt=\"\" class=\"wp-image-220\" title=\"Pasek 6\"\/><\/a><\/figure><\/div>\n\n\n\n<p>Nast\u0119pnie przygotowuj\u0119 dziurki pod grub\u0105 woskowan\u0105 ni\u0107, kt\u00f3r\u0105 b\u0119d\u0119 r\u0119cznie szy\u0142. Po przyszyciu jednej cz\u0119\u015bci, wk\u0142adam jedn\u0105 ze szlufek i zszywam ca\u0142o\u015b\u0107.<\/p>\n\n\n\n<div class=\"wp-block-image\"><figure class=\"aligncenter\"><a href=\"http:\/\/www.wdrugiejskorze.pl\/wp-content\/uploads\/2013\/02\/MG_5908.jpg\"><img decoding=\"async\" src=\"http:\/\/www.wdrugiejskorze.pl\/wp-content\/uploads\/2013\/02\/MG_5908.jpg\" alt=\"\" class=\"wp-image-221\" title=\"Pasek 7\"\/><\/a><\/figure><\/div>\n\n\n\n<div class=\"wp-block-image\"><figure class=\"aligncenter\"><a href=\"http:\/\/www.wdrugiejskorze.pl\/wp-content\/uploads\/2013\/02\/MG_5909.jpg\"><img decoding=\"async\" src=\"http:\/\/www.wdrugiejskorze.pl\/wp-content\/uploads\/2013\/02\/MG_5909.jpg\" alt=\"\" class=\"wp-image-222\" title=\"Pasek 8\"\/><\/a><\/figure><\/div>\n\n\n\n<p>Ko\u0144c\u00f3wk\u0119 paska przycinam wed\u0142ug zaprojektowanego wcze\u015bniej szablonu.<\/p>\n\n\n\n<div class=\"wp-block-image\"><figure class=\"aligncenter\"><a href=\"http:\/\/www.wdrugiejskorze.pl\/wp-content\/uploads\/2013\/02\/MG_5910.jpg\"><img decoding=\"async\" src=\"http:\/\/www.wdrugiejskorze.pl\/wp-content\/uploads\/2013\/02\/MG_5910.jpg\" alt=\"\" class=\"wp-image-223\" title=\"Pasek 9\"\/><\/a><\/figure><\/div>\n\n\n\n<p>Wycinam dziurki na prasce lub r\u0119cznymi wybijakami:<\/p>\n\n\n\n<div class=\"wp-block-image\"><figure class=\"aligncenter\"><a href=\"http:\/\/www.wdrugiejskorze.pl\/wp-content\/uploads\/2013\/02\/MG_5911.jpg\"><img decoding=\"async\" src=\"http:\/\/www.wdrugiejskorze.pl\/wp-content\/uploads\/2013\/02\/MG_5911.jpg\" alt=\"\" class=\"wp-image-224\" title=\"Pasek 10\"\/><\/a><\/figure><\/div>\n\n\n\n<p>Szlufki musz\u0105 by\u0107 \u0142adnie wyko\u0144czone \u2013 nigdy nie zostawiam tylko sklejonych, zawsze s\u0105 zszyte:<\/p>\n\n\n\n<div class=\"wp-block-image\"><figure class=\"aligncenter\"><a href=\"http:\/\/www.wdrugiejskorze.pl\/wp-content\/uploads\/2013\/02\/MG_5912.jpg\"><img decoding=\"async\" src=\"http:\/\/www.wdrugiejskorze.pl\/wp-content\/uploads\/2013\/02\/MG_5912.jpg\" alt=\"\" class=\"wp-image-225\" title=\"Pasek 11\"\/><\/a><\/figure><\/div>\n\n\n\n<p>Tak prezentuje si\u0119 gotowy pasek:<\/p>\n\n\n\n<div class=\"wp-block-image\"><figure class=\"aligncenter\"><a href=\"http:\/\/www.wdrugiejskorze.pl\/wp-content\/uploads\/2013\/02\/MG_5915.jpg\"><img decoding=\"async\" src=\"http:\/\/www.wdrugiejskorze.pl\/wp-content\/uploads\/2013\/02\/MG_5915.jpg\" alt=\"\" class=\"wp-image-226\" title=\"Pasek 12\"\/><\/a><\/figure><\/div>\n\n\n\n<div class=\"wp-block-image\"><figure class=\"aligncenter\"><a href=\"http:\/\/www.wdrugiejskorze.pl\/wp-content\/uploads\/2013\/02\/MG_5922.jpg\"><img decoding=\"async\" src=\"http:\/\/www.wdrugiejskorze.pl\/wp-content\/uploads\/2013\/02\/MG_5922.jpg\" alt=\"\" class=\"wp-image-227\" title=\"Pasek 13\"\/><\/a><\/figure><\/div>\n\n\n\n<div class=\"wp-block-image\"><figure class=\"aligncenter\"><a href=\"http:\/\/www.wdrugiejskorze.pl\/wp-content\/uploads\/2013\/02\/MG_5938.jpg\"><img decoding=\"async\" src=\"http:\/\/www.wdrugiejskorze.pl\/wp-content\/uploads\/2013\/02\/MG_5938.jpg\" alt=\"\" class=\"wp-image-228\" title=\"Pasek 14\"\/><\/a><\/figure><\/div>\n\n\n\n<p>A tutaj kilka innych produkcji paskowych kt\u00f3re powsta\u0142y na przestrzeni ostatnich lat:<\/p>\n\n\n\n<div class=\"wp-block-image\"><figure class=\"aligncenter\"><a href=\"http:\/\/www.wdrugiejskorze.pl\/wp-content\/uploads\/2013\/02\/MG_7537.jpg\"><img decoding=\"async\" src=\"http:\/\/www.wdrugiejskorze.pl\/wp-content\/uploads\/2013\/02\/MG_7537.jpg\" alt=\"\" class=\"wp-image-230\" title=\"_Pasek 15\"\/><\/a><\/figure><\/div>\n\n\n\n<div class=\"wp-block-image\"><figure class=\"aligncenter\"><a href=\"http:\/\/www.wdrugiejskorze.pl\/wp-content\/uploads\/2013\/02\/MG_7376.jpg\"><img decoding=\"async\" src=\"http:\/\/www.wdrugiejskorze.pl\/wp-content\/uploads\/2013\/02\/MG_7376.jpg\" alt=\"\" class=\"wp-image-231\" title=\"Pasek 16\"\/><\/a><\/figure><\/div>\n\n\n\n<div class=\"wp-block-image\"><figure class=\"aligncenter\"><a href=\"http:\/\/www.wdrugiejskorze.pl\/wp-content\/uploads\/2013\/02\/MG_2621.jpg\"><img decoding=\"async\" src=\"http:\/\/www.wdrugiejskorze.pl\/wp-content\/uploads\/2013\/02\/MG_2621.jpg\" alt=\"\" class=\"wp-image-235\" title=\"Pasek 17\"\/><\/a><\/figure><\/div>\n\n\n\n<div class=\"wp-block-image\"><figure class=\"aligncenter\"><a href=\"http:\/\/www.wdrugiejskorze.pl\/wp-content\/uploads\/2013\/02\/MG_3002.jpg\"><img decoding=\"async\" src=\"http:\/\/www.wdrugiejskorze.pl\/wp-content\/uploads\/2013\/02\/MG_3002.jpg\" alt=\"\" class=\"wp-image-236\" title=\"Pasek 18\"\/><\/a><\/figure><\/div>\n\n\n\n<div class=\"wp-block-image\"><figure class=\"aligncenter\"><a href=\"http:\/\/www.wdrugiejskorze.pl\/wp-content\/uploads\/2013\/02\/MG_3015.jpg\"><img decoding=\"async\" src=\"http:\/\/www.wdrugiejskorze.pl\/wp-content\/uploads\/2013\/02\/MG_3015.jpg\" alt=\"\" class=\"wp-image-237\" title=\"Pasek 19\"\/><\/a><\/figure><\/div>\n\n\n\n<div class=\"wp-block-image\"><figure class=\"aligncenter\"><a href=\"http:\/\/www.wdrugiejskorze.pl\/wp-content\/uploads\/2013\/02\/MG_4038.jpg\"><img decoding=\"async\" src=\"http:\/\/www.wdrugiejskorze.pl\/wp-content\/uploads\/2013\/02\/MG_4038.jpg\" alt=\"\" class=\"wp-image-238\" title=\"Pasek 20\"\/><\/a><\/figure><\/div>\n\n\n\n<div class=\"wp-block-image\"><figure class=\"aligncenter\"><a href=\"http:\/\/www.wdrugiejskorze.pl\/wp-content\/uploads\/2013\/02\/MG_3501.jpg\"><img decoding=\"async\" src=\"http:\/\/www.wdrugiejskorze.pl\/wp-content\/uploads\/2013\/02\/MG_3501.jpg\" alt=\"\" class=\"wp-image-239\" title=\"Pasek 21\"\/><\/a><\/figure><\/div>","protected":false},"excerpt":{"rendered":"<p>Wiele os\u00f3b prosi\u0142o mnie o ma\u0142y reporta\u017c dotycz\u0105cy r\u00f3\u017cnych produkcji, zatem na pierwszy ogie\u0144 p\u00f3jdzie pasek do spodni. W pasku do spodni najwa\u017cniejsza jest sk\u00f3ra \u2013 bardzo du\u017co pask\u00f3w w sklepach wykonanych jest w taki spos\u00f3b, i\u017c nie maj\u0105 prawa wytrwa\u0107 nawet roku. W najlepszym wypadku stosowane s\u0105 kiepskiej jako\u015bci sk\u00f3ry, spodnia warstwa paska jest [&hellip;]<\/p>","protected":false},"author":2,"featured_media":0,"comment_status":"closed","ping_status":"open","sticky":false,"template":"","format":"standard","meta":{"_monsterinsights_skip_tracking":false,"_monsterinsights_sitenote_active":false,"_monsterinsights_sitenote_note":"","_monsterinsights_sitenote_category":0,"footnotes":""},"categories":[113,89],"tags":[],"class_list":["post-1765","post","type-post","status-publish","format-standard","hentry","category-akcesoria","category-paski","clearfix"],"_links":{"self":[{"href":"https:\/\/jfszymaniak.pl\/en\/wp-json\/wp\/v2\/posts\/1765","targetHints":{"allow":["GET"]}}],"collection":[{"href":"https:\/\/jfszymaniak.pl\/en\/wp-json\/wp\/v2\/posts"}],"about":[{"href":"https:\/\/jfszymaniak.pl\/en\/wp-json\/wp\/v2\/types\/post"}],"author":[{"embeddable":true,"href":"https:\/\/jfszymaniak.pl\/en\/wp-json\/wp\/v2\/users\/2"}],"replies":[{"embeddable":true,"href":"https:\/\/jfszymaniak.pl\/en\/wp-json\/wp\/v2\/comments?post=1765"}],"version-history":[{"count":1,"href":"https:\/\/jfszymaniak.pl\/en\/wp-json\/wp\/v2\/posts\/1765\/revisions"}],"predecessor-version":[{"id":1766,"href":"https:\/\/jfszymaniak.pl\/en\/wp-json\/wp\/v2\/posts\/1765\/revisions\/1766"}],"wp:attachment":[{"href":"https:\/\/jfszymaniak.pl\/en\/wp-json\/wp\/v2\/media?parent=1765"}],"wp:term":[{"taxonomy":"category","embeddable":true,"href":"https:\/\/jfszymaniak.pl\/en\/wp-json\/wp\/v2\/categories?post=1765"},{"taxonomy":"post_tag","embeddable":true,"href":"https:\/\/jfszymaniak.pl\/en\/wp-json\/wp\/v2\/tags?post=1765"}],"curies":[{"name":"wp","href":"https:\/\/api.w.org\/{rel}","templated":true}]}}